{"id":6243,"date":"2018-04-24T12:04:04","date_gmt":"2018-04-24T11:04:04","guid":{"rendered":"https:\/\/conte-adriatic.com\/?p=6243"},"modified":"2018-04-24T11:31:24","modified_gmt":"2018-04-24T10:31:24","slug":"osjetite-dalmaciju","status":"publish","type":"post","link":"https:\/\/conte-adriatic.com\/hr\/osjetite-dalmaciju\/","title":{"rendered":"Osjetite Dalmaciju"},"content":{"rendered":"<div class=\"video-metabox\"><iframe src=\"https:\/\/www.youtube.com\/embed\/AnmKZDb_oLE\/?modestbranding=1&rel=0&showinfo=0\" frameborder=\"0\" allowfullscreen><\/iframe><\/div><p><strong><em>Osjetite Dalmaciju<\/em><\/strong><\/p>\n<p>Ovo je za grupu od nekoliko ljudi koji \u017eele posjetiti vinariju, \u010duti pri\u010du o nastanku vina, okusiti kvalitetna vina i koji \u017eele u\u017eivati u dalmatinskoj kuhinji. Ovo je za <strong>gurmane<\/strong> i poznavatelje dobrog vina. Predivna priroda, ku\u0107a smje\u0161tena na obroncima dalmatinskog zale\u0111a.<\/p>\n<p>Jedan dan bez gradske gu\u017eve, dan u prirodi, a mogu\u0107e je posjetiti i nacionalni park Krka.<\/p>\n<p><em>Polazak iz Zadra<\/em> kada Vama odgovara, a povratak u ve\u010dernjim satima.<\/p>\n<p>Ku\u0161ati vina, poslu\u0161ati pri\u010du o proizvodnji, u\u017eivati u dalmatinskim jelima, mogu\u0107nost da kupite kvalitetno vino, prilika da provedete dan na seoskom imanju.<\/p>\n<p>Kvaliteta uvijek bude prepoznata. Da li ste za ru\u010dak, ve\u010deru, upoznavanje dalmatinskog zale\u0111a, da li \u0107emo biti jedan sat ili vi\u0161e, na Vama je da odlu\u010dite.<\/p>\n<p>Po\u0161tujemo Va\u0161e \u017eelje. Tako\u0111er mo\u017eemo posjetiti grad <strong>Skradin i Nacionalni park Krka.<\/strong><\/p>\n<p>Hrvatska nije samo more, ve\u0107 i njeno zale\u0111e, poznata kuhinja, dobra vina.<\/p>\n<p>Putovanje je za ljubitelje i za one koji znaju prepoznati i u\u017eivati u vinima, pri\u010di o nastanku vina i njegovim malim tajnama.<\/p>\n<p>Za sve upite Vam stojimo na raspolaganju.<\/p>\n<p>Video preuzet s youtubea:\u00a0https:\/\/www.youtube.com\/watch?v=AnmKZDb_oLE&amp;t=70s<\/p>\n<div id=\"owner-container\" class=\"style-scope ytd-video-owner-renderer\"><a class=\"yt-simple-endpoint style-scope yt-formatted-string\" href=\"https:\/\/www.youtube.com\/channel\/UCIs2DH7BISweAKIZ_7cHEDw\">fisherjoza<\/a><\/div>\n<p><span class=\"date style-scope ytd-video-secondary-info-renderer\">Datum objavljivanja: 4. stu 2014.<\/span><\/p>\n<p>upit i rezervacije: info@conte-adriatic.com<\/p>\n<p><em>Kreirajmo putovanje zajedno.<\/em><\/p>\n","protected":false},"excerpt":{"rendered":"<p>Osjetite Dalmaciju Ovo je za grupu od nekoliko ljudi koji \u017eele posjetiti vinariju, \u010duti pri\u010du o nastanku vina, okusiti kvalitetna vina i koji \u017eele u\u017eivati u dalmatinskoj kuhinji. Ovo je za gurmane i poznavatelje dobrog vina. Predivna priroda, ku\u0107a smje\u0161tena na obroncima dalmatinskog zale\u0111a. Jedan dan bez gradske gu\u017eve, dan u prirodi, a mogu\u0107e je&#8230;<\/p>\n","protected":false},"author":18,"featured_media":6237,"comment_status":"open","ping_status":"open","sticky":false,"template":"","format":"standard","meta":[],"categories":[1324,61,20,1232],"tags":[1504,1503,1507,1505,1506],"aioseo_notices":[],"_links":{"self":[{"href":"https:\/\/conte-adriatic.com\/hr\/wp-json\/wp\/v2\/posts\/6243"}],"collection":[{"href":"https:\/\/conte-adriatic.com\/hr\/wp-json\/wp\/v2\/posts"}],"about":[{"href":"https:\/\/conte-adriatic.com\/hr\/wp-json\/wp\/v2\/types\/post"}],"author":[{"embeddable":true,"href":"https:\/\/conte-adriatic.com\/hr\/wp-json\/wp\/v2\/users\/18"}],"replies":[{"embeddable":true,"href":"https:\/\/conte-adriatic.com\/hr\/wp-json\/wp\/v2\/comments?post=6243"}],"version-history":[{"count":1,"href":"https:\/\/conte-adriatic.com\/hr\/wp-json\/wp\/v2\/posts\/6243\/revisions"}],"predecessor-version":[{"id":12044,"href":"https:\/\/conte-adriatic.com\/hr\/wp-json\/wp\/v2\/posts\/6243\/revisions\/12044"}],"wp:featuredmedia":[{"embeddable":true,"href":"https:\/\/conte-adriatic.com\/hr\/wp-json\/wp\/v2\/media\/6237"}],"wp:attachment":[{"href":"https:\/\/conte-adriatic.com\/hr\/wp-json\/wp\/v2\/media?parent=6243"}],"wp:term":[{"taxonomy":"category","embeddable":true,"href":"https:\/\/conte-adriatic.com\/hr\/wp-json\/wp\/v2\/categories?post=6243"},{"taxonomy":"post_tag","embeddable":true,"href":"https:\/\/conte-adriatic.com\/hr\/wp-json\/wp\/v2\/tags?post=6243"}],"curies":[{"name":"wp","href":"https:\/\/api.w.org\/{rel}","templated":true}]}}