{"id":6092,"date":"2018-05-01T13:47:07","date_gmt":"2018-05-01T12:47:07","guid":{"rendered":"https:\/\/conte-adriatic.com\/?p=6092"},"modified":"2018-05-01T16:55:28","modified_gmt":"2018-05-01T15:55:28","slug":"izlet-u-mostar","status":"publish","type":"post","link":"https:\/\/conte-adriatic.com\/hr\/izlet-u-mostar\/","title":{"rendered":"Izlet u Mostar"},"content":{"rendered":"<div class=\"video-metabox\"><iframe src=\"https:\/\/www.youtube.com\/embed\/vhwYVhLjr2E\/?modestbranding=1&rel=0&showinfo=0\" frameborder=\"0\" allowfullscreen><\/iframe><\/div><p><em><strong>Upoznajmo Mostar zajedno!! (Bosna i Hercegovina)<\/strong><\/em><\/p>\n<p><em>Polazak iz Zadra svaki dan, za ljubitelje kulturnih spomenika, predivne prirode, odli\u010dne hrane i lijepog ugo\u0111aja.<\/em><\/p>\n<p>Ponuda za \u00a04-18 ljudi, grupu prijatelja.<\/p>\n<p>Polazak iz Zadra oko 5.30. Zaustavljanje prema potrebi<strong>.<\/strong><\/p>\n<p>Oko 10.00 dolazak u<strong>\u00a0Mostar<\/strong>. Obilazak starog djela grada,<strong> stari most<\/strong> koji spada u velike atrakcije. Iznenadit \u0107e Vas de\u010dki koji ska\u010du s mosta u hladnu Neretvu. Iako izgleda da bi skok mogao izvesti svatko, <strong>Neretva<\/strong> ima dosta virova i hladna je. \u0160etnja starim ulicama, posjet Ko\u0161ki Mehmed Pa\u0161inoj d\u017eamiji, Turskoj ku\u0107i, Kara\u0111ozbegovoj d\u017eamiji, sve to je grad <strong>Mostar<\/strong>. Brojni mali restorani Vas vuku da probate poznate specijalitete.<\/p>\n<p>Nakon Mostara, posjet Blagaju. <strong>Blagaj<\/strong> je grad koji je smje\u0161ten na izvoru rijeke Bune.<strong> Buna<\/strong> je povijesno sjedi\u0161te tekije. <strong>Blagaj tekija<\/strong> je izgra\u0111ena oko 1520. godine i ima elemente otomanske arhitekture i mediteranskog stila i mo\u017eemo ju smatrati spomenikom arhitekture.<\/p>\n<p>U popodnevnim satima odlazak u dolinu Neretve. Vo\u017enja drvenim brodicama kroz <strong>Neretvu,<\/strong> njene kanale i to \u0107e predstavljati nezaboravan do\u017eivljaj. Vidjet \u0107ete kako su nekada ljudi uzgajali vo\u0107e (mandarine, smokve) i kako su lovili ribu.<\/p>\n<p>Video preuzet s\u00a0https:\/\/www.youtube.com\/watch?v=vhwYVhLjr2E&amp;t=3s<\/p>\n<p>Povratak u Zadar u ve\u010dernjim satima.<\/p>\n<p>(cijena ovisi o broju putnika)<\/p>\n","protected":false},"excerpt":{"rendered":"<p>Upoznajmo Mostar zajedno!! (Bosna i Hercegovina) Polazak iz Zadra svaki dan, za ljubitelje kulturnih spomenika, predivne prirode, odli\u010dne hrane i lijepog ugo\u0111aja. Ponuda za \u00a04-18 ljudi, grupu prijatelja. Polazak iz Zadra oko 5.30. Zaustavljanje prema potrebi. Oko 10.00 dolazak u\u00a0Mostar. Obilazak starog djela grada, stari most koji spada u velike atrakcije. Iznenadit \u0107e Vas de\u010dki&#8230;<\/p>\n","protected":false},"author":18,"featured_media":6086,"comment_status":"open","ping_status":"open","sticky":false,"template":"","format":"standard","meta":[],"categories":[61,20],"tags":[2615,545,1274,1276,505],"aioseo_notices":[],"_links":{"self":[{"href":"https:\/\/conte-adriatic.com\/hr\/wp-json\/wp\/v2\/posts\/6092"}],"collection":[{"href":"https:\/\/conte-adriatic.com\/hr\/wp-json\/wp\/v2\/posts"}],"about":[{"href":"https:\/\/conte-adriatic.com\/hr\/wp-json\/wp\/v2\/types\/post"}],"author":[{"embeddable":true,"href":"https:\/\/conte-adriatic.com\/hr\/wp-json\/wp\/v2\/users\/18"}],"replies":[{"embeddable":true,"href":"https:\/\/conte-adriatic.com\/hr\/wp-json\/wp\/v2\/comments?post=6092"}],"version-history":[{"count":1,"href":"https:\/\/conte-adriatic.com\/hr\/wp-json\/wp\/v2\/posts\/6092\/revisions"}],"predecessor-version":[{"id":12119,"href":"https:\/\/conte-adriatic.com\/hr\/wp-json\/wp\/v2\/posts\/6092\/revisions\/12119"}],"wp:featuredmedia":[{"embeddable":true,"href":"https:\/\/conte-adriatic.com\/hr\/wp-json\/wp\/v2\/media\/6086"}],"wp:attachment":[{"href":"https:\/\/conte-adriatic.com\/hr\/wp-json\/wp\/v2\/media?parent=6092"}],"wp:term":[{"taxonomy":"category","embeddable":true,"href":"https:\/\/conte-adriatic.com\/hr\/wp-json\/wp\/v2\/categories?post=6092"},{"taxonomy":"post_tag","embeddable":true,"href":"https:\/\/conte-adriatic.com\/hr\/wp-json\/wp\/v2\/tags?post=6092"}],"curies":[{"name":"wp","href":"https:\/\/api.w.org\/{rel}","templated":true}]}}