{"id":4212,"date":"2014-08-17T17:09:55","date_gmt":"2014-08-17T16:09:55","guid":{"rendered":"https:\/\/conte-adriatic.com\/?p=4212"},"modified":"2015-11-25T17:29:35","modified_gmt":"2015-11-25T16:29:35","slug":"different-colors-of-the-island-of-pag-2","status":"publish","type":"post","link":"https:\/\/conte-adriatic.com\/de\/different-colors-of-the-island-of-pag-2\/","title":{"rendered":"Different colors of the island of Pag"},"content":{"rendered":"<p>Where is the best thing to spend your vacation?<br \/>\nThe island of<strong> Pag<\/strong> offers a different \u00a0picture. Sparse vegetation, rocky landscape and\u00a0almost the entire surface of the island of Pag is covered with salt from the mountain of Velebit, carried by strong wind (bura). The visitors of <strong>Pag and Croatia<\/strong> will be able to discover a culture, gastronomy, history and all interesting little things.<\/p>\n<p>The island of Pag is famous for its lamb (pa\u0161ka janjetina). It\u00a0has a specific taste due to its surrounding in which the sheep lives and feeds. It is a rocky environment where a sheep graze on the salt grass and salt is carried by the wind.<\/p>\n<p>The cheese of Pag is famous in the world. The cheese is recognized by its mild, salty taste and light color, whereas aged cheese is piquant, hard and its color is brownish.<\/p>\n<p>The salt-pan of Pag has been the most northern salt-pan in Croatia (since the 16th century).<\/p>\n<p>One of the\u00a0specificity of the Pag, it is lace of Pag. (pa\u0161ka \u010dipka).<\/p>\n<p>The carnival of Pag is held in summer and winter. It includes a specific dance, called &#8220;Pa\u0161ko kolo&#8221; (wheel dance)<\/p>\n<p>One of ACI Marinas in Croatia is\u00a0<strong>the ACI Marina \u0160imuni<\/strong>\u00a0which \u00a0is located on the western side of the island of Pag. It is\u00a0in the middle of the island (11 km from Novalja and 12 km from Pag). The marina has 221 berths at sea as well as 55 dry berths. In marina, you will find all you need: restaurants, stores, sales points, internet WLAN can be used in the entire of marina. I can tell, love the sea, it is a way of life.<\/p>\n<p>The village of \u0160imuni was named after \u0160imun Fabijani\u0107 who built the first shepherd huts in the small port.<\/p>\n<p>Marina \u0160imuni is ideal for nautical tourism.<\/p>\n<p>Explore our coast as well as its most hidden areas.\u00a0Let every day be different. Enjoy being on a deck away from the city noise.<\/p>\n<p>Feel the pleasure to explore the sea, winds and marine life in a different way.<\/p>\n<p>Enjoy ACI \u0160imuni and\u00a0\u00a0Pag which is one of the leading tourist destinations.<\/p>\n","protected":false},"excerpt":{"rendered":"<p>Where is the best thing to spend your vacation? The island of Pag offers a different \u00a0picture. Sparse vegetation, rocky landscape and\u00a0almost the entire surface of the island of Pag is covered with salt from the mountain of Velebit, carried by strong wind (bura). The visitors of Pag and Croatia will be able to discover&#8230;<\/p>\n","protected":false},"author":18,"featured_media":4210,"comment_status":"closed","ping_status":"closed","sticky":false,"template":"","format":"standard","meta":[],"categories":[6],"tags":[1063,955,1854,956,1929],"aioseo_notices":[],"_links":{"self":[{"href":"https:\/\/conte-adriatic.com\/de\/wp-json\/wp\/v2\/posts\/4212"}],"collection":[{"href":"https:\/\/conte-adriatic.com\/de\/wp-json\/wp\/v2\/posts"}],"about":[{"href":"https:\/\/conte-adriatic.com\/de\/wp-json\/wp\/v2\/types\/post"}],"author":[{"embeddable":true,"href":"https:\/\/conte-adriatic.com\/de\/wp-json\/wp\/v2\/users\/18"}],"replies":[{"embeddable":true,"href":"https:\/\/conte-adriatic.com\/de\/wp-json\/wp\/v2\/comments?post=4212"}],"version-history":[{"count":0,"href":"https:\/\/conte-adriatic.com\/de\/wp-json\/wp\/v2\/posts\/4212\/revisions"}],"wp:featuredmedia":[{"embeddable":true,"href":"https:\/\/conte-adriatic.com\/de\/wp-json\/wp\/v2\/media\/4210"}],"wp:attachment":[{"href":"https:\/\/conte-adriatic.com\/de\/wp-json\/wp\/v2\/media?parent=4212"}],"wp:term":[{"taxonomy":"category","embeddable":true,"href":"https:\/\/conte-adriatic.com\/de\/wp-json\/wp\/v2\/categories?post=4212"},{"taxonomy":"post_tag","embeddable":true,"href":"https:\/\/conte-adriatic.com\/de\/wp-json\/wp\/v2\/tags?post=4212"}],"curies":[{"name":"wp","href":"https:\/\/api.w.org\/{rel}","templated":true}]}}